{"id":481,"date":"2012-03-28T20:40:11","date_gmt":"2012-03-28T18:40:11","guid":{"rendered":"http:\/\/www.marcomaccarelli.it\/?p=481"},"modified":"2012-03-28T20:40:11","modified_gmt":"2012-03-28T18:40:11","slug":"la-terra-giro-per-avvicinarci-eugenio-montejo","status":"publish","type":"post","link":"https:\/\/marcomaccarelli.it\/?p=481","title":{"rendered":"La terra gir\u00f2 per avvicinarci &#8211; Eugenio Montejo"},"content":{"rendered":"<p>La tierra gir\u00f3 para acercarnos<br \/>\nLa tierra gir\u00f3 para acercarnos,<br \/>\ngir\u00f3 sobre s\u00ed misma y en nosotros,<br \/>\nhasta juntarnos por fin en este sue\u00f1o,<br \/>\ncomo fue escrito en el Simposio.<br \/>\nPasaron noches, nieves y solsticios;<br \/>\npas\u00f3 el tiempo en minutos y milenios.<br \/>\nUna carreta que iba para N\u00ednivelleg\u00f3 a Nebraska.<br \/>\nUn gallo cant\u00f3 lejos del mundo, en la previda a menos mil de nuestros padres.<br \/>\nLa tierra gir\u00f3 musicalmente<br \/>\nllev\u00e1ndonos a bordo;<br \/>\nno ces\u00f3 de girar un solo instante, como si tanto amor,<br \/>\ntanto milagro s\u00f3lo fuera un adagio hace mucho ya escrito<br \/>\nentre las partituras del Simposio.<\/p>\n<p>(Eugenio Montejo, Caracas, 1938)<br \/>\n &#8212;&#8211;<\/p>\n<p>La terra gir\u00f2 per avvicinarci<br \/>\ngir\u00f2 su se stessa e dentro di noi<br \/>\nfino ad unirci finalmente in questo sogno,<br \/>\ncome fu scritto nel Simposio.<br \/>\nPassarono notti, nevi, solstizi;<br \/>\npass\u00f2 il tempo in minuti e millenni.<br \/>\nUn carro che andava a Ninive arriv\u00f2 a Nebraska.<br \/>\nUn gallo cant\u00f2 lontano dal mondo.<br \/>\nLa terra gir\u00f2 musicalmente<br \/>\ncon noi a bordo;<br \/>\nnon cess\u00f2 di girare un solo istante,<br \/>\ncome se tanto amore, tanto miracolo<br \/>\nfosse solo un adagio gi\u00e0 scritto molto tempo fa<br \/>\ntra le partiture del Simposio.<\/p>\n","protected":false},"excerpt":{"rendered":"<div class=\"slide-text-bg2\"><span>La tierra gir\u00f3 para acercarnos La tierra gir\u00f3 para acercarnos, gir\u00f3 sobre s\u00ed misma y en nosotros, hasta juntarnos por fin en este sue\u00f1o, como fue escr<\/span><\/div>\n<div class=\"slide-btn-area-sm\"><a href=\"https:\/\/marcomaccarelli.it\/?p=481\" class=\"slide-btn-sm\">Maggiori informazioni<\/a><\/div>\n","protected":false},"author":1,"featured_media":0,"comment_status":"open","ping_status":"open","sticky":false,"template":"","format":"standard","meta":{"footnotes":""},"categories":[13],"tags":[],"class_list":["post-481","post","type-post","status-publish","format-standard","hentry","category-poesie"],"_links":{"self":[{"href":"https:\/\/marcomaccarelli.it\/index.php?rest_route=\/wp\/v2\/posts\/481","targetHints":{"allow":["GET"]}}],"collection":[{"href":"https:\/\/marcomaccarelli.it\/index.php?rest_route=\/wp\/v2\/posts"}],"about":[{"href":"https:\/\/marcomaccarelli.it\/index.php?rest_route=\/wp\/v2\/types\/post"}],"author":[{"embeddable":true,"href":"https:\/\/marcomaccarelli.it\/index.php?rest_route=\/wp\/v2\/users\/1"}],"replies":[{"embeddable":true,"href":"https:\/\/marcomaccarelli.it\/index.php?rest_route=%2Fwp%2Fv2%2Fcomments&post=481"}],"version-history":[{"count":0,"href":"https:\/\/marcomaccarelli.it\/index.php?rest_route=\/wp\/v2\/posts\/481\/revisions"}],"wp:attachment":[{"href":"https:\/\/marcomaccarelli.it\/index.php?rest_route=%2Fwp%2Fv2%2Fmedia&parent=481"}],"wp:term":[{"taxonomy":"category","embeddable":true,"href":"https:\/\/marcomaccarelli.it\/index.php?rest_route=%2Fwp%2Fv2%2Fcategories&post=481"},{"taxonomy":"post_tag","embeddable":true,"href":"https:\/\/marcomaccarelli.it\/index.php?rest_route=%2Fwp%2Fv2%2Ftags&post=481"}],"curies":[{"name":"wp","href":"https:\/\/api.w.org\/{rel}","templated":true}]}}