{"id":314,"date":"2011-06-29T22:54:03","date_gmt":"2011-06-29T20:54:03","guid":{"rendered":"http:\/\/www.marcomaccarelli.it\/?p=314"},"modified":"2011-06-29T22:54:03","modified_gmt":"2011-06-29T20:54:03","slug":"lettera-di-davide-a-simone-la-finestra-difronte","status":"publish","type":"post","link":"https:\/\/marcomaccarelli.it\/?p=314","title":{"rendered":"La finestra difronte &#8211; Lettera di Davide a Simone"},"content":{"rendered":"<p><iframe loading=\"lazy\" width=\"640\" height=\"390\" src=\"http:\/\/www.youtube.com\/embed\/QPkReOKyPXk\" frameborder=\"0\" allowfullscreen><\/iframe><\/p>\n<p>Caro Simone,<br \/>\ndopo di te il rosso non \u00e8 pi\u00f9 rosso, l&#8217;azzurro del cielo non \u00e8 pi\u00f9 azzurro, gli alberi non sono pi\u00f9 verdi.<br \/>\nDopo di te devo cercare i colori dentro la nostalgia che ho di noi. Dopo di te rimpiango persino il dolore che ci faceva timidi e clandestini. Rimpiango le attese, le rinunce, i messaggi cifrati, i nostri sguardi rubati in mezzo ad un mondo di cechi, che non volevano vedere perch\u00e8 se avessero visto saremmo stati la loro vergogna, il loro odio, la loro crudelt\u00e0.<br \/>\nRimpiango di non aver avuto ancora il coraggio di chiederti perdono. Per questo non posso nemmeno pi\u00f9 guardare nella tua finestra. Era l\u00ec che ti vedevo sempre, quando ancora non sapevo il tuo nome e tu sognavi un mondo migliore in cui non si pu\u00f2 proibire ad un albero di essere albero, e all&#8217;azzurro di diventare cielo.<br \/>\nNon so se questo \u00e8 un mondo migliore ora che nessuno mi chiama pi\u00f9 Davide, ora che mi sento chiamare soltanto signor Veroli. Come posso dirlo, senza di te?<\/p>\n","protected":false},"excerpt":{"rendered":"<div class=\"slide-text-bg2\"><span>Caro Simone, dopo di te il rosso non \u00e8 pi\u00f9 rosso, l&#8217;azzurro del cielo non \u00e8 pi\u00f9 azzurro, gli alberi non sono pi\u00f9 verdi. Dopo di te devo cercare <\/span><\/div>\n<div class=\"slide-btn-area-sm\"><a href=\"https:\/\/marcomaccarelli.it\/?p=314\" class=\"slide-btn-sm\">Maggiori informazioni<\/a><\/div>\n","protected":false},"author":1,"featured_media":0,"comment_status":"open","ping_status":"open","sticky":false,"template":"","format":"standard","meta":{"footnotes":""},"categories":[5],"tags":[],"class_list":["post-314","post","type-post","status-publish","format-standard","hentry","category-film"],"_links":{"self":[{"href":"https:\/\/marcomaccarelli.it\/index.php?rest_route=\/wp\/v2\/posts\/314","targetHints":{"allow":["GET"]}}],"collection":[{"href":"https:\/\/marcomaccarelli.it\/index.php?rest_route=\/wp\/v2\/posts"}],"about":[{"href":"https:\/\/marcomaccarelli.it\/index.php?rest_route=\/wp\/v2\/types\/post"}],"author":[{"embeddable":true,"href":"https:\/\/marcomaccarelli.it\/index.php?rest_route=\/wp\/v2\/users\/1"}],"replies":[{"embeddable":true,"href":"https:\/\/marcomaccarelli.it\/index.php?rest_route=%2Fwp%2Fv2%2Fcomments&post=314"}],"version-history":[{"count":0,"href":"https:\/\/marcomaccarelli.it\/index.php?rest_route=\/wp\/v2\/posts\/314\/revisions"}],"wp:attachment":[{"href":"https:\/\/marcomaccarelli.it\/index.php?rest_route=%2Fwp%2Fv2%2Fmedia&parent=314"}],"wp:term":[{"taxonomy":"category","embeddable":true,"href":"https:\/\/marcomaccarelli.it\/index.php?rest_route=%2Fwp%2Fv2%2Fcategories&post=314"},{"taxonomy":"post_tag","embeddable":true,"href":"https:\/\/marcomaccarelli.it\/index.php?rest_route=%2Fwp%2Fv2%2Ftags&post=314"}],"curies":[{"name":"wp","href":"https:\/\/api.w.org\/{rel}","templated":true}]}}