{"id":189,"date":"2008-02-05T15:22:32","date_gmt":"2008-02-05T13:22:32","guid":{"rendered":"http:\/\/www.marcomaccarelli.it\/?p=189"},"modified":"2008-02-05T15:22:32","modified_gmt":"2008-02-05T13:22:32","slug":"189","status":"publish","type":"post","link":"https:\/\/marcomaccarelli.it\/?p=189","title":{"rendered":""},"content":{"rendered":"<p>Non sono n\u00e9 un artista n\u00e9 un poeta.<br \/>\nHo trascorso i miei giorni scrivendo e dipingendo,<br \/>\nma non sono in sintonia<br \/>\ncon i miei giorni e le mie notti.<br \/>\nSono una nube,<br \/>\nuna nube che si confonde con gli oggetti,<br \/>\nma ad essi mai si unisce.<br \/>\nSono una nube,<br \/>\ne nella nube \u00e8 la mia solitudine,<br \/>\nla mia fame e la mia sete.<br \/>\nLa calamit\u00e0 \u00e8 che la nube, la mia realt\u00e0,<br \/>\nanela di udire qualcunaltro che dica:<br \/>\n&#8220;Non sei solo in questo mondo<br \/>\nma siamo due, insieme,<br \/>\ne io so chi sei tu&#8221;.<\/p>\n<p><em>Kahlil Gibran<\/em><\/p>\n","protected":false},"excerpt":{"rendered":"<div class=\"slide-text-bg2\"><span>Non sono n\u00e9 un artista n\u00e9 un poeta. Ho trascorso i miei giorni scrivendo e dipingendo, ma non sono in sintonia con i miei giorni e le mie notti. Sono una<\/span><\/div>\n<div class=\"slide-btn-area-sm\"><a href=\"https:\/\/marcomaccarelli.it\/?p=189\" class=\"slide-btn-sm\">Maggiori informazioni<\/a><\/div>\n","protected":false},"author":1,"featured_media":0,"comment_status":"open","ping_status":"open","sticky":false,"template":"","format":"standard","meta":{"footnotes":""},"categories":[13],"tags":[],"class_list":["post-189","post","type-post","status-publish","format-standard","hentry","category-poesie"],"_links":{"self":[{"href":"https:\/\/marcomaccarelli.it\/index.php?rest_route=\/wp\/v2\/posts\/189","targetHints":{"allow":["GET"]}}],"collection":[{"href":"https:\/\/marcomaccarelli.it\/index.php?rest_route=\/wp\/v2\/posts"}],"about":[{"href":"https:\/\/marcomaccarelli.it\/index.php?rest_route=\/wp\/v2\/types\/post"}],"author":[{"embeddable":true,"href":"https:\/\/marcomaccarelli.it\/index.php?rest_route=\/wp\/v2\/users\/1"}],"replies":[{"embeddable":true,"href":"https:\/\/marcomaccarelli.it\/index.php?rest_route=%2Fwp%2Fv2%2Fcomments&post=189"}],"version-history":[{"count":0,"href":"https:\/\/marcomaccarelli.it\/index.php?rest_route=\/wp\/v2\/posts\/189\/revisions"}],"wp:attachment":[{"href":"https:\/\/marcomaccarelli.it\/index.php?rest_route=%2Fwp%2Fv2%2Fmedia&parent=189"}],"wp:term":[{"taxonomy":"category","embeddable":true,"href":"https:\/\/marcomaccarelli.it\/index.php?rest_route=%2Fwp%2Fv2%2Fcategories&post=189"},{"taxonomy":"post_tag","embeddable":true,"href":"https:\/\/marcomaccarelli.it\/index.php?rest_route=%2Fwp%2Fv2%2Ftags&post=189"}],"curies":[{"name":"wp","href":"https:\/\/api.w.org\/{rel}","templated":true}]}}